{"id":1498,"date":"2025-12-12T14:45:02","date_gmt":"2025-12-12T12:45:02","guid":{"rendered":"https:\/\/liceulvinga.ro\/?p=1498"},"modified":"2025-12-12T14:45:03","modified_gmt":"2025-12-12T12:45:03","slug":"raport-de-finalizare-a-proiectului-f-pnrr-smartlabs-2023-0355","status":"publish","type":"post","link":"https:\/\/liceulvinga.ro\/raport-de-finalizare-a-proiectului-f-pnrr-smartlabs-2023-0355\/","title":{"rendered":"RAPORT DE FINALIZARE A PROIECTULUI F-PNRR-SmartLabs-2023-0355"},"content":{"rendered":"\n<p><strong>1. Introducere <\/strong><strong>\u0219<\/strong><strong>i Context<\/strong><\/p>\n\n\n\n<p>Proiectul intitulat&nbsp;&#8222;DOTAREA CU LABORATOARE INTELIGENTE A LICEULUI TEHNOLOGIC VINGA&#8221; a fost implementat de&nbsp;<strong>Liceul Tehnologic Vinga<\/strong>&nbsp;\u0219i reprezint\u0103 un pas important \u00een direc\u021bia moderniz\u0103rii actului educa\u021bional, prin integrarea tehnologiilor digitale \u00een procesul de predare-\u00eenv\u0103\u021bare.<\/p>\n\n\n\n<p>Proiectul se \u00eenscrie \u00een cadrul apelului&nbsp;<strong>\u201ePNRR\/2023\/C15\/MEDU\/I9 \u2013 Dotarea cu laboratoare inteligente a unit<\/strong><strong>\u0103\u021b<\/strong><strong>ilor de \u00eenv<\/strong><strong>\u0103\u021b\u0103<\/strong><strong>m\u00e2nt secundar superior, a palatelor <\/strong><strong>\u0219<\/strong><strong>i a cluburilor copiilor\u201d<\/strong>, fiind&nbsp;<strong>finan<\/strong><strong>\u021b<\/strong><strong>at integral printr-un ajutor financiar nerambursabil<\/strong>. Acesta este parte a&nbsp;<strong>Pilonului VI \u2013 Politici pentru Noua Genera<\/strong><strong>\u021b<\/strong><strong>ie<\/strong>,&nbsp;<strong>Componenta C15 \u2013 Educa<\/strong><strong>\u021b<\/strong><strong>ie<\/strong>, contribuind la realizarea&nbsp;<strong>Reformei 5 \u2013 Adoptarea cadrului legislativ pentru digitalizarea educa<\/strong><strong>\u021b<\/strong><strong>iei<\/strong>&nbsp;\u0219i la implementarea&nbsp;<strong>Investi<\/strong><strong>\u021b<\/strong><strong>iei 9 \u2013 Asigurarea echipamentelor <\/strong><strong>\u0219<\/strong><strong>i resurselor tehnologice digitale pentru unit<\/strong><strong>\u0103\u021b<\/strong><strong>ile de \u00eenv<\/strong><strong>\u0103\u021b\u0103<\/strong><strong>m\u00e2nt<\/strong>.<\/p>\n\n\n\n<hr class=\"wp-block-separator has-alpha-channel-opacity\"\/>\n\n\n\n<p><strong>2. Scopul Proiectului<\/strong><\/p>\n\n\n\n<p>Scopul fundamental al proiectului a fost&nbsp;<strong>crearea unui laborator digital inteligent (Smart Lab)<\/strong>, care s\u0103 sprijine formarea elevilor \u00een acord cu cerin\u021bele erei digitale \u0219i s\u0103 le ofere acces la o educa\u021bie modern\u0103, centrat\u0103 pe competen\u021be, experimentare \u0219i interdisciplinaritate. Acest laborator a fost conceput pentru a sus\u021bine procesul educa\u021bional prin utilizarea tehnologiei \u00een toate ariile curriculare, oferind un spa\u021biu flexibil, colaborativ \u0219i stimulativ, at\u00e2t pentru elevi, c\u00e2t \u0219i pentru cadrele didactice.<\/p>\n\n\n\n<hr class=\"wp-block-separator has-alpha-channel-opacity\"\/>\n\n\n\n<p><strong>3. Perioada de Implementare <\/strong><strong>\u0219<\/strong><strong>i Finan<\/strong><strong>\u021b<\/strong><strong>are<\/strong><\/p>\n\n\n\n<ul class=\"wp-block-list\">\n<li><strong>Perioada de desf<\/strong><strong>\u0103\u0219<\/strong><strong>urare a proiectului:<\/strong>\u00a015\/12\/2023 &#8211; 31\/12\/2025<\/li>\n\n\n\n<li><strong>Valoarea total<\/strong><strong>\u0103<\/strong><strong> a finan<\/strong><strong>\u021b\u0103<\/strong><strong>rii nerambursabile:<\/strong>\u00a0351.209,35 Lei<\/li>\n<\/ul>\n\n\n\n<p><strong>Sursa finan\u021b\u0103rii:<\/strong>&nbsp;Planul Na\u021bional de Redresare \u0219i Rezilien\u021b\u0103 \u2013 Componenta C15: Educa\u021bie<\/p>\n\n\n\n<hr class=\"wp-block-separator has-alpha-channel-opacity\"\/>\n\n\n\n<p><strong>4. Obiectivele Proiectului<\/strong><\/p>\n\n\n\n<p><strong>Obiective principale:<\/strong><\/p>\n\n\n\n<ol class=\"wp-block-list\">\n<li><strong>Crearea unui laborator digital inteligent:<\/strong>\u00a0Amenajarea unui spa\u021biu modern, dotat cu echipamente de ultim\u0103 genera\u021bie \u0219i mobilier modular, ergonomic, pentru desf\u0103\u0219urarea orelor de curs \u00eentr-un cadru tehnologic avansat.<\/li>\n\n\n\n<li><strong>Dezvoltarea competen<\/strong><strong>\u021b<\/strong><strong>elor digitale ale elevilor:<\/strong>\u00a0Facilitarea accesului la instrumente digitale interactive, software-uri specializate \u0219i echipamente moderne, pentru a stimula autonomia, creativitatea \u0219i g\u00e2ndirea logic\u0103.<\/li>\n\n\n\n<li><strong>Perfec<\/strong><strong>\u021b<\/strong><strong>ionarea cadrelor didactice:<\/strong>\u00a0Organizarea de cursuri de formare, ateliere \u0219i sesiuni de instruire pentru personalul didactic, \u00een vederea integr\u0103rii eficiente a tehnologiei \u00een procesul educa\u021bional.<\/li>\n\n\n\n<li><strong>Cre<\/strong><strong>\u0219<\/strong><strong>terea implic<\/strong><strong>\u0103<\/strong><strong>rii elevilor:<\/strong>\u00a0Utilizarea mijloacelor digitale pentru a spori interesul, motiva\u021bia \u0219i participarea activ\u0103 a elevilor la lec\u021bii.<\/li>\n\n\n\n<li><strong>\u00cembun<\/strong><strong>\u0103<\/strong><strong>t<\/strong><strong>\u0103\u021b<\/strong><strong>irea calit<\/strong><strong>\u0103\u021b<\/strong><strong>ii \u00eenv<\/strong><strong>\u0103\u021b\u0103<\/strong><strong>m\u00e2ntului:<\/strong>\u00a0Modernizarea metodelor de predare \u0219i asigurarea unui proces educa\u021bional adaptat nevoilor secolului XXI.<\/li>\n\n\n\n<li><strong>Consolidarea imaginii institu<\/strong><strong>\u021b<\/strong><strong>iei:<\/strong>\u00a0Promovarea unei culturi a inova\u021biei \u0219i digitaliz\u0103rii, reflectate \u00een infrastructura \u0219i activit\u0103\u021bile educa\u021bionale ale \u0219colii.<\/li>\n<\/ol>\n\n\n\n<p><strong>Obiective secundare:<\/strong><\/p>\n\n\n\n<ol class=\"wp-block-list\">\n<li><strong>Acces la echipamente performante:<\/strong>\u00a0De la imprimante \u0219i scanere 3D, robo\u021bi educa\u021bionali, ochelari VR, p\u00e2n\u0103 la laptopuri, camere video \u0219i platforme educa\u021bionale interactive.<\/li>\n\n\n\n<li><strong>Asigurarea conectivit<\/strong><strong>\u0103\u021b<\/strong><strong>ii <\/strong><strong>\u0219<\/strong><strong>i stoc<\/strong><strong>\u0103<\/strong><strong>rii datelor:<\/strong>\u00a0Instalarea unei re\u021bele WiFi de \u00eenalt\u0103 vitez\u0103 \u0219i a unor sisteme moderne de stocare \u0219i management al datelor.<\/li>\n\n\n\n<li><strong>Crearea unui spa<\/strong><strong>\u021b<\/strong><strong>iu multifunc<\/strong><strong>\u021b<\/strong><strong>ional:<\/strong>\u00a0Amenajarea unui laborator adaptabil pentru lec\u021bii, ateliere, sesiuni demonstrative \u0219i competi\u021bii.<\/li>\n\n\n\n<li><strong>Acces la resurse educa<\/strong><strong>\u021b<\/strong><strong>ionale digitale:<\/strong>\u00a0Utilizarea de software-uri pentru programare, design grafic, realitate virtual\u0103 \u0219i \u00eenv\u0103\u021bare asistat\u0103 digital.<\/li>\n\n\n\n<li><strong>Sprijin pentru cadrele didactice:<\/strong>\u00a0Suport continuu prin ghiduri, materiale de instruire \u0219i asisten\u021b\u0103 tehnic\u0103 pentru utilizarea echipamentelor.<\/li>\n<\/ol>\n\n\n\n<p><strong>Promovarea \u00eenv\u0103\u021b\u0103rii interactive:<\/strong>&nbsp;Crearea unui mediu care favorizeaz\u0103 g\u00e2ndirea critic\u0103, colaborarea \u0219i aplicarea practic\u0103 a cuno\u0219tin\u021belor.<\/p>\n\n\n\n<hr class=\"wp-block-separator has-alpha-channel-opacity\"\/>\n\n\n\n<p><strong>5. Dot<\/strong><strong>\u0103<\/strong><strong>rile Instalate \u2013 Specifica<\/strong><strong>\u021b<\/strong><strong>ii Tehnice<\/strong><\/p>\n\n\n\n<p>Laboratorul Smart Lab a fost dotat cu urm\u0103toarele echipamente \u0219i resurse:<\/p>\n\n\n\n<ul class=\"wp-block-list\">\n<li><strong>Display interactiv:<\/strong>\u00a0Tabl\u0103 interactiv\u0103 (display) de 85\u201d, \u00eenso\u021bit\u0103 de suport special, pentru o experien\u021b\u0103 vizual\u0103 \u0219i interactiv\u0103 la scar\u0103 mare.<\/li>\n\n\n\n<li><strong>Imprimant<\/strong><strong>\u0103<\/strong><strong> 3D <\/strong><strong>\u0219<\/strong><strong>i Scanner 3D:<\/strong>\u00a0Echipamente esen\u021biale pentru modelare rapid\u0103 \u0219i prototipare, contribuind la dezvoltarea abilit\u0103\u021bilor de inginerie \u0219i design.<\/li>\n\n\n\n<li><strong>Robo<\/strong><strong>\u021b<\/strong><strong>i educa<\/strong><strong>\u021b<\/strong><strong>ionali:<\/strong><\/li>\n<\/ul>\n\n\n\n<ul class=\"wp-block-list\">\n<li>Un robot cu bra\u021b multifunc\u021bional (Roli Rover)\n<ul class=\"wp-block-list\">\n<li>Kituri robotice \u2013 22 kituri GREEN pentru nivel avansat (NEXTLAB) \u0219i 2 kituri robotice Nextlab.tech-miro<\/li>\n<\/ul>\n<\/li>\n<\/ul>\n\n\n\n<ul class=\"wp-block-list\">\n<li><strong>Accesorii 3D <\/strong><strong>\u0219<\/strong><strong>i VR:<\/strong><\/li>\n<\/ul>\n\n\n\n<ul class=\"wp-block-list\">\n<li>Creioane 3D\n<ul class=\"wp-block-list\">\n<li>Ochelari de realitate virtual\u0103 (VR) \u2013<\/li>\n<\/ul>\n<\/li>\n<\/ul>\n\n\n\n<ul class=\"wp-block-list\">\n<li><strong>Solu<\/strong><strong>\u021b<\/strong><strong>ii multimedia <\/strong><strong>\u0219<\/strong><strong>i de conferin<\/strong><strong>\u021b\u0103<\/strong><strong>:<\/strong><\/li>\n<\/ul>\n\n\n\n<ul class=\"wp-block-list\">\n<li>Camer\u0103 de videoconferin\u021b\u0103 Logitech BCC950\n<ul class=\"wp-block-list\">\n<li>Sistem audio performant<\/li>\n<\/ul>\n<\/li>\n<\/ul>\n\n\n\n<ul class=\"wp-block-list\">\n<li><strong>Infrastructur<\/strong><strong>\u0103<\/strong><strong> IT:<\/strong><\/li>\n<\/ul>\n\n\n\n<ul class=\"wp-block-list\">\n<li>Sistem All-In-One Lenovo<ul><li>Camer\u0103 de documente<\/li><\/ul>\n<ul class=\"wp-block-list\">\n<li>Echipamente de conectare la internet<\/li>\n<\/ul>\n<\/li>\n<\/ul>\n\n\n\n<ul class=\"wp-block-list\">\n<li><strong>Kit foto\/video:<\/strong><\/li>\n<\/ul>\n\n\n\n<ul class=\"wp-block-list\">\n<li>Camer\u0103 sport GoPro 12 Black \u0219i aparat foto mirrorless Sony Alpha, al\u0103turi de accesorii, microfon \u0219i trepied<\/li>\n<\/ul>\n\n\n\n<ul class=\"wp-block-list\">\n<li><strong>Solu<\/strong><strong>\u021b<\/strong><strong>ii software <\/strong><strong>\u0219<\/strong><strong>i platforme dedicate:<\/strong><\/li>\n<\/ul>\n\n\n\n<ul class=\"wp-block-list\">\n<li>Suit\u0103 software pentru gestionarea \u0219i procesarea documentelor, valabil\u0103 pentru 2 ani\n<ul class=\"wp-block-list\">\n<li>Platforme de con\u021binut educa\u021bional: pentru VR\/AR, profesori \u0219i stocare de date \u00een cloud \u2013 toate cu abonament de 2 ani<\/li>\n<\/ul>\n<\/li>\n<\/ul>\n\n\n\n<p>Abonament de 3 ani pentru con\u021binut educa\u021bional dedicat tablelor interactive<\/p>\n\n\n\n<hr class=\"wp-block-separator has-alpha-channel-opacity\"\/>\n\n\n\n<p><strong>6. Grup <\/strong><strong>\u021a<\/strong><strong>int<\/strong><strong>\u0103 <\/strong><strong>\u0219<\/strong><strong>i Impact Social<\/strong><\/p>\n\n\n\n<ul class=\"wp-block-list\">\n<li><strong>Beneficiari direc<\/strong><strong>\u021b<\/strong><strong>i:<\/strong><\/li>\n<\/ul>\n\n\n\n<ul class=\"wp-block-list\">\n<li>95 de elevi\n<ul class=\"wp-block-list\">\n<li>17 de cadre didactice<\/li>\n<\/ul>\n<\/li>\n<\/ul>\n\n\n\n<ul class=\"wp-block-list\">\n<li><strong>Context social:<\/strong><br>Elevii provin, \u00een majoritate, din familii cu venituri reduse, comunit\u0103\u021bi defavorizate, inclusiv elevi de etnie rom\u0103 sau cu p\u0103rin\u021bi pleca\u021bi la munc\u0103 \u00een str\u0103in\u0103tate. Proiectul a oferit acestora acces la instrumente digitale moderne, contribuind la reducerea inechit\u0103\u021bilor educa\u021bionale.<\/li>\n<\/ul>\n\n\n\n<hr class=\"wp-block-separator has-alpha-channel-opacity\"\/>\n\n\n\n<p><strong>7. Metodologia de Implementare<\/strong><\/p>\n\n\n\n<ul class=\"wp-block-list\">\n<li><strong>Etapa de planificare:<\/strong><\/li>\n<\/ul>\n\n\n\n<ul class=\"wp-block-list\">\n<li>Stabilirea echipei de implementare, detalierea activit\u0103\u021bilor, alocarea resurselor financiare \u0219i stabilirea calendarului.<\/li>\n<\/ul>\n\n\n\n<ul class=\"wp-block-list\">\n<li><strong>Achizi<\/strong><strong>\u021b<\/strong><strong>ia echipamentelor:<\/strong><\/li>\n<\/ul>\n\n\n\n<ul class=\"wp-block-list\">\n<li>Selectarea furnizorilor \u00een conformitate cu cerin\u021bele proiectului \u0219i procedurile legale.<\/li>\n<\/ul>\n\n\n\n<ul class=\"wp-block-list\">\n<li><strong>Instalarea <\/strong><strong>\u0219<\/strong><strong>i testarea echipamentelor:<\/strong><\/li>\n<\/ul>\n\n\n\n<ul class=\"wp-block-list\">\n<li>Configurarea infrastructurii IT, instalarea solu\u021biilor software \u0219i testarea func\u021bional\u0103.<\/li>\n<\/ul>\n\n\n\n<ul class=\"wp-block-list\">\n<li><strong>Amenajarea spa<\/strong><strong>\u021b<\/strong><strong>iului:<\/strong><\/li>\n<\/ul>\n\n\n\n<ul class=\"wp-block-list\">\n<li>Reorganizarea s\u0103lii \u00een func\u021bie de criterii ergonomice \u0219i pedagogice.<\/li>\n<\/ul>\n\n\n\n<ul class=\"wp-block-list\">\n<li><strong>Validarea func<\/strong><strong>\u021b<\/strong><strong>ional<\/strong><strong>\u0103<\/strong><strong>:<\/strong><\/li>\n<\/ul>\n\n\n\n<ul class=\"wp-block-list\">\n<li>Organizarea de sesiuni pilot cu elevi \u0219i profesori, pentru evaluarea performan\u021belor \u0219i ajustarea sistemelor.<\/li>\n<\/ul>\n\n\n\n<p><strong>8. Instruirea Cadrelor Didactice<\/strong><\/p>\n\n\n\n<ul class=\"wp-block-list\">\n<li><strong>Cursuri de formare profesional<\/strong><strong>\u0103<\/strong><strong>:<\/strong><\/li>\n<\/ul>\n\n\n\n<p>Un aspect crucial al proiectului a constat \u00een formarea profesional\u0103 a cadrelor didactice, pentru asigurarea utiliz\u0103rii eficiente a noilor tehnologii:<\/p>\n\n\n\n<p>Organizarea cursurilor de instruire:<\/p>\n\n\n\n<ul class=\"wp-block-list\">\n<li>Au fost desf\u0103\u0219urate dou\u0103 cursuri de formare pentru cadrele didactice, fiecare curs av\u00e2nd o durat\u0103 de 24 de ore.<\/li>\n<\/ul>\n\n\n\n<ul class=\"wp-block-list\">\n<li>Con\u021binutul cursurilor a inclus sesiuni teoretice \u0219i practice, axate pe utilizarea echipamentelor digitale (ex. display interactiv, imprimant\u0103 3D, seturi robo\u021bice) \u0219i integrarea tehnologiilor \u00een procesul de predare.<\/li>\n<\/ul>\n\n\n\n<ul class=\"wp-block-list\">\n<li><strong>Suport educa<\/strong><strong>\u021b<\/strong><strong>ional post-formare:<\/strong><\/li>\n<\/ul>\n\n\n\n<p>Ghiduri de utilizare, tutoriale, sprijin tehnic continuu \u0219i sesiuni de consiliere pentru integrarea tehnologiei la clas\u0103.<\/p>\n\n\n\n<p><strong>9. Evaluarea Rezultatelor <\/strong><strong>\u0219<\/strong><strong>i Impactul Proiectului<\/strong><\/p>\n\n\n\n<ul class=\"wp-block-list\">\n<li><strong>Indicatori de succes:<\/strong><\/li>\n<\/ul>\n\n\n\n<ul class=\"wp-block-list\">\n<li>Cre\u0219terea implic\u0103rii elevilor \u00een activit\u0103\u021bile educa\u021bionale<ul><li>Dezvoltarea competen\u021belor digitale la nivelul elevilor \u0219i cadrelor didactice<\/li><\/ul>\n<ul class=\"wp-block-list\">\n<li>Grad ridicat de utilizare a echipamentelor \u0219i platformelor digitale<\/li>\n<\/ul>\n<\/li>\n<\/ul>\n\n\n\n<ul class=\"wp-block-list\">\n<li><strong>Impact general:<\/strong><\/li>\n<\/ul>\n\n\n\n<ul class=\"wp-block-list\">\n<li>\u00cembun\u0103t\u0103\u021birea calit\u0103\u021bii educa\u021biei \u00een cadrul \u0219colii\n<ul class=\"wp-block-list\">\n<li>Cre\u0219terea atractivit\u0103\u021bii institu\u021biei \u0219i extinderea re\u021belei de parteneriate<\/li>\n<\/ul>\n<\/li>\n<\/ul>\n\n\n\n<ul class=\"wp-block-list\">\n<li><strong>Feedback <\/strong><strong>\u0219<\/strong><strong>i ajust<\/strong><strong>\u0103<\/strong><strong>ri:<\/strong><\/li>\n<\/ul>\n\n\n\n<ul class=\"wp-block-list\">\n<li>Sesiuni de evaluare participativ\u0103 cu elevii \u0219i profesorii<\/li>\n<\/ul>\n\n\n\n<p>Adaptarea planurilor didactice \u00een func\u021bie de nevoile identificate \u0219i resursele disponibile<\/p>\n\n\n\n<hr class=\"wp-block-separator has-alpha-channel-opacity\"\/>\n\n\n\n<p><strong>10. Concluzii <\/strong><strong>\u0219<\/strong><strong>i Recomand<\/strong><strong>\u0103<\/strong><strong>ri<\/strong><\/p>\n\n\n\n<p><strong>Rezultate ob<\/strong><strong>\u021b<\/strong><strong>inute:<\/strong><\/p>\n\n\n\n<ul class=\"wp-block-list\">\n<li>Transformarea unei s\u0103li clasice \u00eentr-un laborator digital inteligent, complet func\u021bional \u0219i modern.<\/li>\n\n\n\n<li>Dezvoltarea unor competen\u021be digitale esen\u021biale pentru via\u021ba profesional\u0103 a elevilor.<\/li>\n\n\n\n<li>Cre\u0219terea capacit\u0103\u021bii institu\u021bionale de a integra noile tehnologii \u00een educa\u021bie.<\/li>\n<\/ul>\n\n\n\n<p><strong>Recomand<\/strong><strong>\u0103<\/strong><strong>ri pentru viitor:<\/strong><\/p>\n\n\n\n<ul class=\"wp-block-list\">\n<li>Continuarea form\u0103rii continue a personalului didactic pentru adaptarea la inova\u021bii tehnologice.<\/li>\n\n\n\n<li>Monitorizarea constant\u0103 a utiliz\u0103rii echipamentelor \u0219i actualizarea platformelor educa\u021bionale.<\/li>\n<\/ul>\n\n\n\n<p>Valorificarea laboratorului prin extinderea activit\u0103\u021bilor<\/p>\n\n\n\n<hr class=\"wp-block-separator has-alpha-channel-opacity\"\/>\n\n\n<style>.uid-df3360912516626f  .gt3pg-isotope-item {\n\tpadding-right: 20px;\n\tpadding-bottom: 20px;\n}\n.uid-df3360912516626f  .gallery-isotope-wrapper {\n\tmargin-right: -20px;\n\tmargin-bottom: -20px;\n}\n<\/style><div id=\"uid-df3360912516626f\" data-gt3pg-block=\"grid\" data-index=\"1\" class=\"gt3-photo-gallery-pro--isotope_gallery uid-df3360912516626f gt3pg-pro--wrapper gt3pg-pro--grid \">\t\t<div data-cols=\"3\" data-cols-tablet=\"3\" data-cols-mobile=\"2\" class=\"gt3pg-isotope-gallery columns-3 hover-default gallery-grid  corner-standard square\" data-settings=\"{&quot;id&quot;:1,&quot;uid&quot;:&quot;uid-df3360912516626f&quot;,&quot;grid_type&quot;:&quot;square&quot;,&quot;modules&quot;:[&quot;Lightbox&quot;],&quot;lightboxArray&quot;:[{&quot;href&quot;:&quot;https:\\\/\\\/liceulvinga.ro\\\/wp-content\\\/uploads\\\/2025\\\/12\\\/Imagine-WhatsApp-2025-12-09-la-08.09.27_5afedbde.jpg&quot;,&quot;title&quot;:&quot;Imagine WhatsApp 2025-12-09 la 08.09.27_5afedbde&quot;,&quot;thumbnail&quot;:&quot;https:\\\/\\\/liceulvinga.ro\\\/wp-content\\\/uploads\\\/2025\\\/12\\\/Imagine-WhatsApp-2025-12-09-la-08.09.27_5afedbde-150x150.jpg&quot;,&quot;description&quot;:&quot;&quot;,&quot;is_video&quot;:0,&quot;image_id&quot;:1499,&quot;width&quot;:1600,&quot;height&quot;:900},{&quot;href&quot;:&quot;https:\\\/\\\/liceulvinga.ro\\\/wp-content\\\/uploads\\\/2025\\\/12\\\/Imagine-WhatsApp-2025-12-09-la-08.11.46_13a6a0b4.jpg&quot;,&quot;title&quot;:&quot;Imagine WhatsApp 2025-12-09 la 08.11.46_13a6a0b4&quot;,&quot;thumbnail&quot;:&quot;https:\\\/\\\/liceulvinga.ro\\\/wp-content\\\/uploads\\\/2025\\\/12\\\/Imagine-WhatsApp-2025-12-09-la-08.11.46_13a6a0b4-150x150.jpg&quot;,&quot;description&quot;:&quot;&quot;,&quot;is_video&quot;:0,&quot;image_id&quot;:1500,&quot;width&quot;:1600,&quot;height&quot;:900},{&quot;href&quot;:&quot;https:\\\/\\\/liceulvinga.ro\\\/wp-content\\\/uploads\\\/2025\\\/12\\\/Imagine-WhatsApp-2025-12-09-la-08.14.38_3c110b0c.jpg&quot;,&quot;title&quot;:&quot;Imagine WhatsApp 2025-12-09 la 08.14.38_3c110b0c&quot;,&quot;thumbnail&quot;:&quot;https:\\\/\\\/liceulvinga.ro\\\/wp-content\\\/uploads\\\/2025\\\/12\\\/Imagine-WhatsApp-2025-12-09-la-08.14.38_3c110b0c-150x150.jpg&quot;,&quot;description&quot;:&quot;&quot;,&quot;is_video&quot;:0,&quot;image_id&quot;:1501,&quot;width&quot;:1600,&quot;height&quot;:900}],&quot;lightbox&quot;:{&quot;enable&quot;:true,&quot;options&quot;:{&quot;instance&quot;:1}},&quot;items&quot;:[{&quot;href&quot;:&quot;https:\\\/\\\/liceulvinga.ro\\\/wp-content\\\/uploads\\\/2025\\\/12\\\/Imagine-WhatsApp-2025-12-09-la-08.09.27_5afedbde.jpg&quot;,&quot;title&quot;:&quot;Imagine WhatsApp 2025-12-09 la 08.09.27_5afedbde&quot;,&quot;thumbnail&quot;:&quot;https:\\\/\\\/liceulvinga.ro\\\/wp-content\\\/uploads\\\/2025\\\/12\\\/Imagine-WhatsApp-2025-12-09-la-08.09.27_5afedbde-150x150.jpg&quot;,&quot;description&quot;:&quot;&quot;,&quot;is_video&quot;:0,&quot;image_id&quot;:1499,&quot;width&quot;:1600,&quot;height&quot;:900},{&quot;href&quot;:&quot;https:\\\/\\\/liceulvinga.ro\\\/wp-content\\\/uploads\\\/2025\\\/12\\\/Imagine-WhatsApp-2025-12-09-la-08.11.46_13a6a0b4.jpg&quot;,&quot;title&quot;:&quot;Imagine WhatsApp 2025-12-09 la 08.11.46_13a6a0b4&quot;,&quot;thumbnail&quot;:&quot;https:\\\/\\\/liceulvinga.ro\\\/wp-content\\\/uploads\\\/2025\\\/12\\\/Imagine-WhatsApp-2025-12-09-la-08.11.46_13a6a0b4-150x150.jpg&quot;,&quot;description&quot;:&quot;&quot;,&quot;is_video&quot;:0,&quot;image_id&quot;:1500,&quot;width&quot;:1600,&quot;height&quot;:900},{&quot;href&quot;:&quot;https:\\\/\\\/liceulvinga.ro\\\/wp-content\\\/uploads\\\/2025\\\/12\\\/Imagine-WhatsApp-2025-12-09-la-08.14.38_3c110b0c.jpg&quot;,&quot;title&quot;:&quot;Imagine WhatsApp 2025-12-09 la 08.14.38_3c110b0c&quot;,&quot;thumbnail&quot;:&quot;https:\\\/\\\/liceulvinga.ro\\\/wp-content\\\/uploads\\\/2025\\\/12\\\/Imagine-WhatsApp-2025-12-09-la-08.14.38_3c110b0c-150x150.jpg&quot;,&quot;description&quot;:&quot;&quot;,&quot;is_video&quot;:0,&quot;image_id&quot;:1501,&quot;width&quot;:1600,&quot;height&quot;:900}]}\">\r\n\t\t\t<div class=\"gallery-isotope-wrapper\">\r\n\t\t\t\t<div class=\"gt3pg-isotope-item loading \" ><div class=\"isotope_item-wrapper\"><a href=\"https:\/\/liceulvinga.ro\/wp-content\/uploads\/2025\/12\/Imagine-WhatsApp-2025-12-09-la-08.09.27_5afedbde-768x432.jpg\" class=\"gt3pg-lightbox\" data-elementor-open-lightbox=\"no\"><div class=\"img-wrapper \"><img loading=\"lazy\" decoding=\"async\" width=\"768\" height=\"432\" src=\"https:\/\/liceulvinga.ro\/wp-content\/uploads\/2025\/12\/Imagine-WhatsApp-2025-12-09-la-08.09.27_5afedbde-768x432.jpg\" class=\"skip-lazy gt3-lazy-image\" alt=\"\" data-lazy-srcset=\"https:\/\/liceulvinga.ro\/wp-content\/uploads\/2025\/12\/Imagine-WhatsApp-2025-12-09-la-08.09.27_5afedbde-768x432.jpg 768w, https:\/\/liceulvinga.ro\/wp-content\/uploads\/2025\/12\/Imagine-WhatsApp-2025-12-09-la-08.09.27_5afedbde-300x169.jpg 300w, https:\/\/liceulvinga.ro\/wp-content\/uploads\/2025\/12\/Imagine-WhatsApp-2025-12-09-la-08.09.27_5afedbde-360x203.jpg 360w\" data-lazy-sizes=\"(max-width: 768px) 100vw, 768px\" data-lazy-src=\"https:\/\/liceulvinga.ro\/wp-content\/uploads\/2025\/12\/Imagine-WhatsApp-2025-12-09-la-08.09.27_5afedbde-768x432.jpg?is-pending-load=1\" srcset=\"data:image\/png;base64,iVBORw0KGgoAAAANSUhEUgAAAE0AAAArCAYAAAA9pAX3AAAACXBIWXMAAA7EAAAOxAGVKw4bAAAAJElEQVRo3u3BMQEAAADCoPVPbQwfoAAAAAAAAAAAAAAAAICzATPnAAGZbRrQAAAAAElFTkSuQmCC\" \/><\/div><\/a><\/div><\/div><div class=\"gt3pg-isotope-item loading \" ><div class=\"isotope_item-wrapper\"><a href=\"https:\/\/liceulvinga.ro\/wp-content\/uploads\/2025\/12\/Imagine-WhatsApp-2025-12-09-la-08.11.46_13a6a0b4-768x432.jpg\" class=\"gt3pg-lightbox\" data-elementor-open-lightbox=\"no\"><div class=\"img-wrapper \"><img loading=\"lazy\" decoding=\"async\" width=\"768\" height=\"432\" src=\"https:\/\/liceulvinga.ro\/wp-content\/uploads\/2025\/12\/Imagine-WhatsApp-2025-12-09-la-08.11.46_13a6a0b4-768x432.jpg\" class=\"skip-lazy gt3-lazy-image\" alt=\"\" data-lazy-srcset=\"https:\/\/liceulvinga.ro\/wp-content\/uploads\/2025\/12\/Imagine-WhatsApp-2025-12-09-la-08.11.46_13a6a0b4-768x432.jpg 768w, https:\/\/liceulvinga.ro\/wp-content\/uploads\/2025\/12\/Imagine-WhatsApp-2025-12-09-la-08.11.46_13a6a0b4-300x169.jpg 300w, https:\/\/liceulvinga.ro\/wp-content\/uploads\/2025\/12\/Imagine-WhatsApp-2025-12-09-la-08.11.46_13a6a0b4-360x203.jpg 360w\" data-lazy-sizes=\"(max-width: 768px) 100vw, 768px\" data-lazy-src=\"https:\/\/liceulvinga.ro\/wp-content\/uploads\/2025\/12\/Imagine-WhatsApp-2025-12-09-la-08.11.46_13a6a0b4-768x432.jpg?is-pending-load=1\" srcset=\"data:image\/png;base64,iVBORw0KGgoAAAANSUhEUgAAAE0AAAArCAYAAAA9pAX3AAAACXBIWXMAAA7EAAAOxAGVKw4bAAAAJElEQVRo3u3BMQEAAADCoPVPbQwfoAAAAAAAAAAAAAAAAICzATPnAAGZbRrQAAAAAElFTkSuQmCC\" \/><\/div><\/a><\/div><\/div><div class=\"gt3pg-isotope-item loading \" ><div class=\"isotope_item-wrapper\"><a href=\"https:\/\/liceulvinga.ro\/wp-content\/uploads\/2025\/12\/Imagine-WhatsApp-2025-12-09-la-08.14.38_3c110b0c-768x432.jpg\" class=\"gt3pg-lightbox\" data-elementor-open-lightbox=\"no\"><div class=\"img-wrapper \"><img loading=\"lazy\" decoding=\"async\" width=\"768\" height=\"432\" src=\"https:\/\/liceulvinga.ro\/wp-content\/uploads\/2025\/12\/Imagine-WhatsApp-2025-12-09-la-08.14.38_3c110b0c-768x432.jpg\" class=\"skip-lazy gt3-lazy-image\" alt=\"\" data-lazy-srcset=\"https:\/\/liceulvinga.ro\/wp-content\/uploads\/2025\/12\/Imagine-WhatsApp-2025-12-09-la-08.14.38_3c110b0c-768x432.jpg 768w, https:\/\/liceulvinga.ro\/wp-content\/uploads\/2025\/12\/Imagine-WhatsApp-2025-12-09-la-08.14.38_3c110b0c-300x169.jpg 300w, https:\/\/liceulvinga.ro\/wp-content\/uploads\/2025\/12\/Imagine-WhatsApp-2025-12-09-la-08.14.38_3c110b0c-360x203.jpg 360w\" data-lazy-sizes=\"(max-width: 768px) 100vw, 768px\" data-lazy-src=\"https:\/\/liceulvinga.ro\/wp-content\/uploads\/2025\/12\/Imagine-WhatsApp-2025-12-09-la-08.14.38_3c110b0c-768x432.jpg?is-pending-load=1\" srcset=\"data:image\/png;base64,iVBORw0KGgoAAAANSUhEUgAAAE0AAAArCAYAAAA9pAX3AAAACXBIWXMAAA7EAAAOxAGVKw4bAAAAJElEQVRo3u3BMQEAAADCoPVPbQwfoAAAAAAAAAAAAAAAAICzATPnAAGZbRrQAAAAAElFTkSuQmCC\" \/><\/div><\/a><\/div><\/div>\t\t\t<\/div>\r\n\t\t<\/div>\r\n\t\t<script type=\"application\/json\" id=\"settings--uid-df3360912516626f\">{\"id\":1,\"uid\":\"uid-df3360912516626f\",\"grid_type\":\"square\",\"modules\":[\"Lightbox\"],\"lightboxArray\":[{\"href\":\"https:\\\/\\\/liceulvinga.ro\\\/wp-content\\\/uploads\\\/2025\\\/12\\\/Imagine-WhatsApp-2025-12-09-la-08.09.27_5afedbde.jpg\",\"title\":\"Imagine WhatsApp 2025-12-09 la 08.09.27_5afedbde\",\"thumbnail\":\"https:\\\/\\\/liceulvinga.ro\\\/wp-content\\\/uploads\\\/2025\\\/12\\\/Imagine-WhatsApp-2025-12-09-la-08.09.27_5afedbde-150x150.jpg\",\"description\":\"\",\"is_video\":0,\"image_id\":1499,\"width\":1600,\"height\":900},{\"href\":\"https:\\\/\\\/liceulvinga.ro\\\/wp-content\\\/uploads\\\/2025\\\/12\\\/Imagine-WhatsApp-2025-12-09-la-08.11.46_13a6a0b4.jpg\",\"title\":\"Imagine WhatsApp 2025-12-09 la 08.11.46_13a6a0b4\",\"thumbnail\":\"https:\\\/\\\/liceulvinga.ro\\\/wp-content\\\/uploads\\\/2025\\\/12\\\/Imagine-WhatsApp-2025-12-09-la-08.11.46_13a6a0b4-150x150.jpg\",\"description\":\"\",\"is_video\":0,\"image_id\":1500,\"width\":1600,\"height\":900},{\"href\":\"https:\\\/\\\/liceulvinga.ro\\\/wp-content\\\/uploads\\\/2025\\\/12\\\/Imagine-WhatsApp-2025-12-09-la-08.14.38_3c110b0c.jpg\",\"title\":\"Imagine WhatsApp 2025-12-09 la 08.14.38_3c110b0c\",\"thumbnail\":\"https:\\\/\\\/liceulvinga.ro\\\/wp-content\\\/uploads\\\/2025\\\/12\\\/Imagine-WhatsApp-2025-12-09-la-08.14.38_3c110b0c-150x150.jpg\",\"description\":\"\",\"is_video\":0,\"image_id\":1501,\"width\":1600,\"height\":900}],\"lightbox\":{\"enable\":true,\"options\":{\"instance\":1}},\"items\":[{\"href\":\"https:\\\/\\\/liceulvinga.ro\\\/wp-content\\\/uploads\\\/2025\\\/12\\\/Imagine-WhatsApp-2025-12-09-la-08.09.27_5afedbde.jpg\",\"title\":\"Imagine WhatsApp 2025-12-09 la 08.09.27_5afedbde\",\"thumbnail\":\"https:\\\/\\\/liceulvinga.ro\\\/wp-content\\\/uploads\\\/2025\\\/12\\\/Imagine-WhatsApp-2025-12-09-la-08.09.27_5afedbde-150x150.jpg\",\"description\":\"\",\"is_video\":0,\"image_id\":1499,\"width\":1600,\"height\":900},{\"href\":\"https:\\\/\\\/liceulvinga.ro\\\/wp-content\\\/uploads\\\/2025\\\/12\\\/Imagine-WhatsApp-2025-12-09-la-08.11.46_13a6a0b4.jpg\",\"title\":\"Imagine WhatsApp 2025-12-09 la 08.11.46_13a6a0b4\",\"thumbnail\":\"https:\\\/\\\/liceulvinga.ro\\\/wp-content\\\/uploads\\\/2025\\\/12\\\/Imagine-WhatsApp-2025-12-09-la-08.11.46_13a6a0b4-150x150.jpg\",\"description\":\"\",\"is_video\":0,\"image_id\":1500,\"width\":1600,\"height\":900},{\"href\":\"https:\\\/\\\/liceulvinga.ro\\\/wp-content\\\/uploads\\\/2025\\\/12\\\/Imagine-WhatsApp-2025-12-09-la-08.14.38_3c110b0c.jpg\",\"title\":\"Imagine WhatsApp 2025-12-09 la 08.14.38_3c110b0c\",\"thumbnail\":\"https:\\\/\\\/liceulvinga.ro\\\/wp-content\\\/uploads\\\/2025\\\/12\\\/Imagine-WhatsApp-2025-12-09-la-08.14.38_3c110b0c-150x150.jpg\",\"description\":\"\",\"is_video\":0,\"image_id\":1501,\"width\":1600,\"height\":900}]}<\/script>\r\n\t\t<\/div>","protected":false},"excerpt":{"rendered":"<p>1. Introducere \u0219i Context Proiectul intitulat&nbsp;&#8222;DOTAREA CU LABORATOARE INTELIGENTE A LICEULUI TEHNOLOGIC VINGA&#8221; a fost implementat de&nbsp;Liceul Tehnologic Vinga&nbsp;\u0219i reprezint\u0103 un pas important \u00een direc\u021bia moderniz\u0103rii actului educa\u021bional, prin integrarea tehnologiilor digitale \u00een procesul de predare-\u00eenv\u0103\u021bare. Proiectul se \u00eenscrie \u00een <a href=\"https:\/\/liceulvinga.ro\/raport-de-finalizare-a-proiectului-f-pnrr-smartlabs-2023-0355\/\" class=\"read-more\">Mai departe &#8230;<\/a><\/p>\n","protected":false},"author":1,"featured_media":0,"comment_status":"closed","ping_status":"open","sticky":false,"template":"","format":"standard","meta":{"footnotes":""},"categories":[82],"tags":[],"class_list":["post-1498","post","type-post","status-publish","format-standard","hentry","category-smartlab"],"_links":{"self":[{"href":"https:\/\/liceulvinga.ro\/wp-json\/wp\/v2\/posts\/1498","targetHints":{"allow":["GET"]}}],"collection":[{"href":"https:\/\/liceulvinga.ro\/wp-json\/wp\/v2\/posts"}],"about":[{"href":"https:\/\/liceulvinga.ro\/wp-json\/wp\/v2\/types\/post"}],"author":[{"embeddable":true,"href":"https:\/\/liceulvinga.ro\/wp-json\/wp\/v2\/users\/1"}],"replies":[{"embeddable":true,"href":"https:\/\/liceulvinga.ro\/wp-json\/wp\/v2\/comments?post=1498"}],"version-history":[{"count":1,"href":"https:\/\/liceulvinga.ro\/wp-json\/wp\/v2\/posts\/1498\/revisions"}],"predecessor-version":[{"id":1502,"href":"https:\/\/liceulvinga.ro\/wp-json\/wp\/v2\/posts\/1498\/revisions\/1502"}],"wp:attachment":[{"href":"https:\/\/liceulvinga.ro\/wp-json\/wp\/v2\/media?parent=1498"}],"wp:term":[{"taxonomy":"category","embeddable":true,"href":"https:\/\/liceulvinga.ro\/wp-json\/wp\/v2\/categories?post=1498"},{"taxonomy":"post_tag","embeddable":true,"href":"https:\/\/liceulvinga.ro\/wp-json\/wp\/v2\/tags?post=1498"}],"curies":[{"name":"wp","href":"https:\/\/api.w.org\/{rel}","templated":true}]}}